{"id":3576,"date":"2022-02-11T17:09:27","date_gmt":"2022-02-11T16:09:27","guid":{"rendered":"https:\/\/semeursdupossible.com\/?p=3576"},"modified":"2022-02-11T17:29:12","modified_gmt":"2022-02-11T16:29:12","slug":"les-espaces-tests-agricoles-au-jt-de-tf1","status":"publish","type":"post","link":"https:\/\/semeursdupossible.com\/index.php\/2022\/02\/11\/les-espaces-tests-agricoles-au-jt-de-tf1\/","title":{"rendered":"Les Espaces tests agricoles au JT de TF1"},"content":{"rendered":"\t\t<div data-elementor-type=\"wp-post\" data-elementor-id=\"3576\" class=\"elementor elementor-3576\" data-elementor-settings=\"[]\">\n\t\t\t<div class=\"elementor-inner\">\n\t\t\t\t<div class=\"elementor-section-wrap\">\n\t\t\t\t\t\t\t<section class=\"elementor-element elementor-element-4f23ba3 elementor-section-boxed elementor-section-height-default elementor-section-height-default elementor-section elementor-top-section\" data-id=\"4f23ba3\" data-element_type=\"section\">\n\t\t\t\t\t\t<div class=\"elementor-container elementor-column-gap-default\">\n\t\t\t\t<div class=\"elementor-row\">\n\t\t\t\t<div class=\"elementor-element elementor-element-0e949be elementor-column elementor-col-100 elementor-top-column\" data-id=\"0e949be\" data-element_type=\"column\">\n\t\t\t<div class=\"elementor-column-wrap  elementor-element-populated\">\n\t\t\t\t\t<div class=\"elementor-widget-wrap\">\n\t\t\t\t<div class=\"elementor-element elementor-element-683893a elementor-widget elementor-widget-image\" data-id=\"683893a\" data-element_type=\"widget\" data-widget_type=\"image.default\">\n\t\t\t\t<div class=\"elementor-widget-container\">\n\t\t\t\t\t<div class=\"elementor-image\">\n\t\t\t\t\t\t\t\t\t\t<img loading=\"lazy\" decoding=\"async\" width=\"767\" height=\"429\" src=\"https:\/\/semeursdupossible.com\/wp-content\/uploads\/2022\/02\/photo-Sylvain-JT-TF1.jpg\" class=\"attachment-large size-large\" alt=\"\" srcset=\"https:\/\/semeursdupossible.com\/wp-content\/uploads\/2022\/02\/photo-Sylvain-JT-TF1.jpg 767w, https:\/\/semeursdupossible.com\/wp-content\/uploads\/2022\/02\/photo-Sylvain-JT-TF1-300x168.jpg 300w\" sizes=\"(max-width: 767px) 100vw, 767px\" \/>\t\t\t\t\t\t\t\t\t\t\t<\/div>\n\t\t\t\t<\/div>\n\t\t\t\t<\/div>\n\t\t\t\t<div class=\"elementor-element elementor-element-5159a42 elementor-widget elementor-widget-text-editor\" data-id=\"5159a42\" data-element_type=\"widget\" data-widget_type=\"text-editor.default\">\n\t\t\t\t<div class=\"elementor-widget-container\">\n\t\t\t\t\t<div class=\"elementor-text-editor elementor-clearfix\"><p>Sylvain Pechoux, g\u00e9rant de la coop\u00e9ratives d&rsquo;activit\u00e9s Les Champs des Possibles (Ile-de-France) et administrateur du RENETA, \u00e9tait pr\u00e9sent dans un reportage au\u00a0<span class=\"il\">JT<\/span>\u00a0de 20h sur\u00a0<span class=\"il\">TF1<\/span>\u00a0en date du vendredi 21\/01).<\/p><p>Il a pr\u00e9sent\u00e9 le test d&rsquo;activit\u00e9s, la coop\u00e9rative et deux entrepreneurs \u00e0 l&rsquo;essai en activit\u00e9 de ch\u00e8vrerie + transformation.<\/p><p>Et il a r\u00e9alis\u00e9 une belle conclusion sur les pistes \u00e0 suivre pour le renouvellement des g\u00e9n\u00e9rations !<\/p><p>Vous pouvez visionner son intervention dans ce reportage\u00a0<span style=\"font-size: 1rem;\">via\u00a0<\/span><a style=\"background-color: #ffffff; font-size: 1rem;\" href=\"https:\/\/www.tf1info.fr\/vie-pro\/video-la-france-des-solutions-tester-le-metier-d-agriculteur-2207880.html\" target=\"_blank\" rel=\"noopener\" data-saferedirecturl=\"https:\/\/www.google.com\/url?q=https:\/\/www.tf1info.fr\/vie-pro\/video-la-france-des-solutions-tester-le-metier-d-agriculteur-2207880.html&amp;source=gmail&amp;ust=1644679123168000&amp;usg=AOvVaw0lovBFDpTonAq1zicYHgvn\">ce lien<\/a><span style=\"font-size: 1rem;\">.<\/span><\/p><\/div>\n\t\t\t\t<\/div>\n\t\t\t\t<\/div>\n\t\t\t\t\t\t<\/div>\n\t\t\t<\/div>\n\t\t<\/div>\n\t\t\t\t\t\t<\/div>\n\t\t\t<\/div>\n\t\t<\/section>\n\t\t\t\t\t\t<\/div>\n\t\t\t<\/div>\n\t\t<\/div>\n\t\t","protected":false},"excerpt":{"rendered":"<p>Sylvain Pechoux, g\u00e9rant de la coop\u00e9ratives d&rsquo;activit\u00e9s Les Champs des Possibles (Ile-de-France) et administrateur du RENETA, \u00e9tait pr\u00e9sent dans un reportage au&nbsp;JT&nbsp;de 20h sur&nbsp;TF1&nbsp;en date du vendredi 21\/01). Il a pr\u00e9sent\u00e9 le test d&rsquo;activit\u00e9s, la coop\u00e9rative et deux entrepreneurs \u00e0 l&rsquo;essai en activit\u00e9 de ch\u00e8vrerie + transformation. Et il a r\u00e9alis\u00e9 une belle conclusion sur [&hellip;]<\/p>\n","protected":false},"author":2,"featured_media":3580,"comment_status":"closed","ping_status":"closed","sticky":false,"template":"","format":"standard","meta":{"footnotes":""},"categories":[30,1],"tags":[],"class_list":["post-3576","post","type-post","status-publish","format-standard","has-post-thumbnail","hentry","category-actualites","category-non-classe"],"_links":{"self":[{"href":"https:\/\/semeursdupossible.com\/index.php\/wp-json\/wp\/v2\/posts\/3576"}],"collection":[{"href":"https:\/\/semeursdupossible.com\/index.php\/wp-json\/wp\/v2\/posts"}],"about":[{"href":"https:\/\/semeursdupossible.com\/index.php\/wp-json\/wp\/v2\/types\/post"}],"author":[{"embeddable":true,"href":"https:\/\/semeursdupossible.com\/index.php\/wp-json\/wp\/v2\/users\/2"}],"replies":[{"embeddable":true,"href":"https:\/\/semeursdupossible.com\/index.php\/wp-json\/wp\/v2\/comments?post=3576"}],"version-history":[{"count":6,"href":"https:\/\/semeursdupossible.com\/index.php\/wp-json\/wp\/v2\/posts\/3576\/revisions"}],"predecessor-version":[{"id":3584,"href":"https:\/\/semeursdupossible.com\/index.php\/wp-json\/wp\/v2\/posts\/3576\/revisions\/3584"}],"wp:featuredmedia":[{"embeddable":true,"href":"https:\/\/semeursdupossible.com\/index.php\/wp-json\/wp\/v2\/media\/3580"}],"wp:attachment":[{"href":"https:\/\/semeursdupossible.com\/index.php\/wp-json\/wp\/v2\/media?parent=3576"}],"wp:term":[{"taxonomy":"category","embeddable":true,"href":"https:\/\/semeursdupossible.com\/index.php\/wp-json\/wp\/v2\/categories?post=3576"},{"taxonomy":"post_tag","embeddable":true,"href":"https:\/\/semeursdupossible.com\/index.php\/wp-json\/wp\/v2\/tags?post=3576"}],"curies":[{"name":"wp","href":"https:\/\/api.w.org\/{rel}","templated":true}]}}